{"id":902,"date":"2026-03-03T16:32:12","date_gmt":"2026-03-03T19:32:12","guid":{"rendered":"https:\/\/www.ccj.ufpb.br\/pos\/?p=902"},"modified":"2026-04-29T18:41:48","modified_gmt":"2026-04-29T21:41:48","slug":"processo-seletivo-2026-cursos-de-mestrado-e-doutorado","status":"publish","type":"post","link":"https:\/\/www.ccj.ufpb.br\/pos\/noticias\/processo-seletivo-2026-cursos-de-mestrado-e-doutorado\/","title":{"rendered":"Processo Seletivo 2026 &#8211; Cursos de Mestrado e Doutorado"},"content":{"rendered":"\n<p><img loading=\"lazy\" decoding=\"async\" width=\"1080\" height=\"1350\" class=\"wp-image-899\" style=\"width: 150px\" src=\"http:\/\/www.ccj.ufpb.br\/pos\/wp-content\/uploads\/sites\/106\/sites\/268\/2026\/03\/Processo-Seletivo-2026.jpeg\" alt=\"\" srcset=\"https:\/\/www.ccj.ufpb.br\/pos\/wp-content\/uploads\/sites\/106\/sites\/268\/2026\/03\/Processo-Seletivo-2026.jpeg 1080w, https:\/\/www.ccj.ufpb.br\/pos\/wp-content\/uploads\/sites\/106\/sites\/268\/2026\/03\/Processo-Seletivo-2026-240x300.jpeg 240w, https:\/\/www.ccj.ufpb.br\/pos\/wp-content\/uploads\/sites\/106\/sites\/268\/2026\/03\/Processo-Seletivo-2026-819x1024.jpeg 819w, https:\/\/www.ccj.ufpb.br\/pos\/wp-content\/uploads\/sites\/106\/sites\/268\/2026\/03\/Processo-Seletivo-2026-768x960.jpeg 768w\" sizes=\"auto, (max-width: 1080px) 100vw, 1080px\" \/>O Programa de P\u00f3s-Gradua\u00e7\u00e3o em Ci\u00eancias Jur\u00eddicas, no uso de suas atribui\u00e7\u00f5es, publica o Edital do Processo Seletivo 2026 para os cursos de Mestrado e Doutorado. Para acessibilidade, favor acessar o link abaixo:<\/p>\n\n\n\n<p><a href=\"https:\/\/drive.google.com\/drive\/folders\/1xsjyHgiPOtfnqraBeoWBf_KnifPRXi1g\">https:\/\/drive.google.com\/drive\/folders\/1xsjyHgiPOtfnqraBeoWBf_KnifPRXi1g<\/a><\/p>\n\n\n\n<div class=\"wp-block-file\"><a id=\"wp-block-file--media-c423b6b3-5fcc-4729-9419-5e8ce622ae92\" href=\"https:\/\/www.ccj.ufpb.br\/pos\/wp-content\/uploads\/sites\/106\/sites\/268\/2026\/03\/EDITAL-DO-PROCESSO-SELETIVO-2026-2.pdf\">EDITAL DO PROCESSO SELETIVO 2026 <\/a><a href=\"https:\/\/www.ccj.ufpb.br\/pos\/wp-content\/uploads\/sites\/106\/sites\/268\/2026\/03\/EDITAL-DO-PROCESSO-SELETIVO-2026-2.pdf\" class=\"wp-block-file__button wp-element-button\" download aria-describedby=\"wp-block-file--media-c423b6b3-5fcc-4729-9419-5e8ce622ae92\">Baixar<\/a><\/div>\n\n\n\n<p><strong>Resultado Preliminar dos Pedidos de Isen\u00e7\u00e3o<\/strong><\/p>\n\n\n\n<div class=\"wp-block-file\"><a id=\"wp-block-file--media-be98a7cf-82c9-4b27-80cd-fa553caf1070\" href=\"https:\/\/www.ccj.ufpb.br\/pos\/wp-content\/uploads\/sites\/106\/sites\/268\/2026\/03\/Isencao_preliminar_assinado.pdf\">Isen\u00e7\u00e3o Preliminar assinado<\/a><a href=\"https:\/\/www.ccj.ufpb.br\/pos\/wp-content\/uploads\/sites\/106\/sites\/268\/2026\/03\/Isencao_preliminar_assinado.pdf\" class=\"wp-block-file__button wp-element-button\" download aria-describedby=\"wp-block-file--media-be98a7cf-82c9-4b27-80cd-fa553caf1070\">Baixar<\/a><\/div>\n\n\n\n<p><strong>Resultado Preliminar dos Pedidos de Atendimento Especial<\/strong><\/p>\n\n\n\n<div class=\"wp-block-file\"><a id=\"wp-block-file--media-fec164af-7cb3-435e-b606-80deed7be4eb\" href=\"https:\/\/www.ccj.ufpb.br\/pos\/wp-content\/uploads\/sites\/106\/sites\/268\/2026\/03\/Resultado_Atendimento-Especial.pdf\">Resultado Atendimento Especial<\/a><a href=\"https:\/\/www.ccj.ufpb.br\/pos\/wp-content\/uploads\/sites\/106\/sites\/268\/2026\/03\/Resultado_Atendimento-Especial.pdf\" class=\"wp-block-file__button wp-element-button\" download aria-describedby=\"wp-block-file--media-fec164af-7cb3-435e-b606-80deed7be4eb\">Baixar<\/a><\/div>\n\n\n\n<p><strong>Resultado dos Pedidos de Isen\u00e7\u00e3o<\/strong><\/p>\n\n\n\n<div class=\"wp-block-file\"><a id=\"wp-block-file--media-4157fa0a-1cbf-478e-8196-ee6d942cf6b5\" href=\"https:\/\/www.ccj.ufpb.br\/pos\/wp-content\/uploads\/sites\/106\/sites\/268\/2026\/03\/RESULTADO_ISENCAO.pdf\">Resultado Insen\u00e7\u00e3o<\/a><a href=\"https:\/\/www.ccj.ufpb.br\/pos\/wp-content\/uploads\/sites\/106\/sites\/268\/2026\/03\/RESULTADO_ISENCAO.pdf\" class=\"wp-block-file__button wp-element-button\" download aria-describedby=\"wp-block-file--media-4157fa0a-1cbf-478e-8196-ee6d942cf6b5\">Baixar<\/a><\/div>\n\n\n\n<p><strong>Reconsidera\u00e7\u00e3o dos Pedidos de Isen\u00e7\u00e3o<\/strong><\/p>\n\n\n\n<div class=\"wp-block-file\"><a id=\"wp-block-file--media-bbaba0bb-3bae-49d1-9e25-48f6f8b0f073\" href=\"https:\/\/www.ccj.ufpb.br\/pos\/wp-content\/uploads\/sites\/106\/sites\/268\/2026\/03\/Reconsideracoes_Isencao.pdf\">Reconsidera\u00e7\u00f5es Isen\u00e7\u00e3o<\/a><a href=\"https:\/\/www.ccj.ufpb.br\/pos\/wp-content\/uploads\/sites\/106\/sites\/268\/2026\/03\/Reconsideracoes_Isencao.pdf\" class=\"wp-block-file__button wp-element-button\" download aria-describedby=\"wp-block-file--media-bbaba0bb-3bae-49d1-9e25-48f6f8b0f073\">Baixar<\/a><\/div>\n\n\n\n<p><strong>Resultado dos Pedidos de Impugna\u00e7\u00e3o do Edital<\/strong><\/p>\n\n\n\n<div class=\"wp-block-file\"><a id=\"wp-block-file--media-d1b51287-52fe-4da8-af75-23c317ca6e3d\" href=\"https:\/\/www.ccj.ufpb.br\/pos\/wp-content\/uploads\/sites\/106\/sites\/268\/2026\/03\/Resultado_dos_pedidos_de_impugnacao_do_edital_assinado-2.pdf\">Resultado dos pedidos de impugna\u00e7\u00e3o do Edital assinado <\/a><a href=\"https:\/\/www.ccj.ufpb.br\/pos\/wp-content\/uploads\/sites\/106\/sites\/268\/2026\/03\/Resultado_dos_pedidos_de_impugnacao_do_edital_assinado-2.pdf\" class=\"wp-block-file__button wp-element-button\" download aria-describedby=\"wp-block-file--media-d1b51287-52fe-4da8-af75-23c317ca6e3d\">Baixar<\/a><\/div>\n\n\n\n<p><\/p>\n\n\n\n<p><strong>Retifica\u00e7\u00e3o do Edital do Processo Seletivo 2026<\/strong><\/p>\n\n\n\n<div class=\"wp-block-file\"><a id=\"wp-block-file--media-a28873d2-b2f6-4823-aa13-31f2778ce892\" href=\"https:\/\/www.ccj.ufpb.br\/pos\/wp-content\/uploads\/sites\/106\/sites\/268\/2026\/03\/EDITAL-DO-PROCESSO-SELETIVO-2026_RETIFICADO.pdf\">Edital do Processo Seletivo 2026 &#8211; Retificado<\/a><a href=\"https:\/\/www.ccj.ufpb.br\/pos\/wp-content\/uploads\/sites\/106\/sites\/268\/2026\/03\/EDITAL-DO-PROCESSO-SELETIVO-2026_RETIFICADO.pdf\" class=\"wp-block-file__button wp-element-button\" download aria-describedby=\"wp-block-file--media-a28873d2-b2f6-4823-aa13-31f2778ce892\">Baixar<\/a><\/div>\n\n\n\n<p><\/p>\n\n\n\n<p><strong>Nova Retifica\u00e7\u00e3o do Edital do Processo Seletivo 2026<\/strong><\/p>\n\n\n\n<div class=\"wp-block-file\"><a id=\"wp-block-file--media-55e55640-b948-4984-bd5b-1b7b3b542835\" href=\"https:\/\/www.ccj.ufpb.br\/pos\/wp-content\/uploads\/sites\/106\/sites\/268\/2026\/03\/libras.-impugnacao.-STI.-EDITAL-DO-PROCESSO-SELETIVO-2026-1.pdf\">Edital Retificado. STI. Edital do Processo Seletivo 2026<\/a><a href=\"https:\/\/www.ccj.ufpb.br\/pos\/wp-content\/uploads\/sites\/106\/sites\/268\/2026\/03\/libras.-impugnacao.-STI.-EDITAL-DO-PROCESSO-SELETIVO-2026-1.pdf\" class=\"wp-block-file__button wp-element-button\" download aria-describedby=\"wp-block-file--media-55e55640-b948-4984-bd5b-1b7b3b542835\">Baixar<\/a><\/div>\n\n\n\n<p><\/p>\n\n\n\n<p><strong>Libras Impugna\u00e7\u00e3o<\/strong><\/p>\n\n\n\n<div class=\"wp-block-file\"><a id=\"wp-block-file--media-63596371-0577-4c82-9cf6-cabf93a734f6\" href=\"https:\/\/www.ccj.ufpb.br\/pos\/wp-content\/uploads\/sites\/106\/sites\/268\/2026\/03\/libras.-impugnacao.-STI.-Inscricoes-prrogadas.-EDITAL-DO-PROCESSO-SELETIVO-2026-.pdf\">Libras  Impugnac\u0327a\u0303o  STI. Inscric\u0327o\u0303es prorrogadas Edital do Processo Seletivo 2026<\/a><a href=\"https:\/\/www.ccj.ufpb.br\/pos\/wp-content\/uploads\/sites\/106\/sites\/268\/2026\/03\/libras.-impugnacao.-STI.-Inscricoes-prrogadas.-EDITAL-DO-PROCESSO-SELETIVO-2026-.pdf\" class=\"wp-block-file__button wp-element-button\" download aria-describedby=\"wp-block-file--media-63596371-0577-4c82-9cf6-cabf93a734f6\">Baixar<\/a><\/div>\n\n\n\n<p><\/p>\n\n\n\n<p><strong>Informe sobre o Processo Seletivo do Programa de P\u00f3s &#8211; Assinado<\/strong><\/p>\n\n\n\n<div class=\"wp-block-file\"><a id=\"wp-block-file--media-e5a2bce2-64fa-4bcd-99bb-51a13330b959\" href=\"https:\/\/www.ccj.ufpb.br\/pos\/wp-content\/uploads\/sites\/106\/sites\/268\/2026\/03\/INFORME_SOBRE_O_PROCESSO_SELETIVO_DO_PROGRAMA_DE_POS_assinado.pdf\">Informe sobre o Processo Seletivo do Programa de P\u00f3s &#8211; Assinado<\/a><a href=\"https:\/\/www.ccj.ufpb.br\/pos\/wp-content\/uploads\/sites\/106\/sites\/268\/2026\/03\/INFORME_SOBRE_O_PROCESSO_SELETIVO_DO_PROGRAMA_DE_POS_assinado.pdf\" class=\"wp-block-file__button wp-element-button\" download aria-describedby=\"wp-block-file--media-e5a2bce2-64fa-4bcd-99bb-51a13330b959\">Baixar<\/a><\/div>\n\n\n\n<p><\/p>\n\n\n\n<p><strong>Tabela de Inscri\u00e7\u00f5es &#8211; Doutorado Linha 1<\/strong><\/p>\n\n\n\n<div class=\"wp-block-file\"><a id=\"wp-block-file--media-61088e16-7fdf-4ec0-9b6e-2865abc9ef3f\" href=\"https:\/\/www.ccj.ufpb.br\/pos\/wp-content\/uploads\/sites\/106\/sites\/268\/2026\/03\/TABELA_INSCRICOES_DOU01-2.pdf\">TABELA_INSCRIC\u0327O\u0303ES_DOU01<\/a><a href=\"https:\/\/www.ccj.ufpb.br\/pos\/wp-content\/uploads\/sites\/106\/sites\/268\/2026\/03\/TABELA_INSCRICOES_DOU01-2.pdf\" class=\"wp-block-file__button wp-element-button\" download aria-describedby=\"wp-block-file--media-61088e16-7fdf-4ec0-9b6e-2865abc9ef3f\">Baixar<\/a><\/div>\n\n\n\n<p><\/p>\n\n\n\n<p><strong>Tabela de Inscri\u00e7\u00f5es &#8211; Doutorado Linha 2<\/strong><\/p>\n\n\n\n<div class=\"wp-block-file\"><a id=\"wp-block-file--media-6f244d7d-5c75-4b8d-8047-215649e624b4\" href=\"https:\/\/www.ccj.ufpb.br\/pos\/wp-content\/uploads\/sites\/106\/sites\/268\/2026\/03\/TABELA_INSCRICOES_DOU02.pdf\">TABELA_INSCRIC\u0327O\u0303ES_DOU02<\/a><a href=\"https:\/\/www.ccj.ufpb.br\/pos\/wp-content\/uploads\/sites\/106\/sites\/268\/2026\/03\/TABELA_INSCRICOES_DOU02.pdf\" class=\"wp-block-file__button wp-element-button\" download aria-describedby=\"wp-block-file--media-6f244d7d-5c75-4b8d-8047-215649e624b4\">Baixar<\/a><\/div>\n\n\n\n<p><\/p>\n\n\n\n<p><strong>Tabela de Inscri\u00e7\u00f5es &#8211; Mestrado em Direito Econ\u00f4mico &#8211; Linha 01<\/strong><\/p>\n\n\n\n<div class=\"wp-block-file\"><a id=\"wp-block-file--media-fb8faeb5-8f7a-4a57-8fde-77c3d43c4bce\" href=\"https:\/\/www.ccj.ufpb.br\/pos\/wp-content\/uploads\/sites\/106\/sites\/268\/2026\/03\/TABELA_INSCRICOES_MDE01-2.pdf\">TABELA_INSCRIC\u0327O\u0303ES_MDE01 <\/a><a href=\"https:\/\/www.ccj.ufpb.br\/pos\/wp-content\/uploads\/sites\/106\/sites\/268\/2026\/03\/TABELA_INSCRICOES_MDE01-2.pdf\" class=\"wp-block-file__button wp-element-button\" download aria-describedby=\"wp-block-file--media-fb8faeb5-8f7a-4a57-8fde-77c3d43c4bce\">Baixar<\/a><\/div>\n\n\n\n<p><\/p>\n\n\n\n<p><strong>Tabela de Inscri\u00e7\u00f5es &#8211; Mestrado em Direito Econ\u00f4mico &#8211; Linha 02<\/strong><\/p>\n\n\n\n<div class=\"wp-block-file\"><a id=\"wp-block-file--media-fee30ae5-b6ae-4a3f-9f65-2c82a3263979\" href=\"https:\/\/www.ccj.ufpb.br\/pos\/wp-content\/uploads\/sites\/106\/sites\/268\/2026\/03\/TABELA_INSCRICOES_MDE02-2.pdf\">TABELA_INSCRIC\u0327O\u0303ES_MDE02<\/a><a href=\"https:\/\/www.ccj.ufpb.br\/pos\/wp-content\/uploads\/sites\/106\/sites\/268\/2026\/03\/TABELA_INSCRICOES_MDE02-2.pdf\" class=\"wp-block-file__button wp-element-button\" download aria-describedby=\"wp-block-file--media-fee30ae5-b6ae-4a3f-9f65-2c82a3263979\">Baixar<\/a><\/div>\n\n\n\n<p><\/p>\n\n\n\n<p><strong>Tabela de Inscri\u00e7\u00f5es &#8211; Mestrado em Direitos Humanos &#8211; Linha 01<\/strong><\/p>\n\n\n\n<div class=\"wp-block-file\"><a id=\"wp-block-file--media-294b3794-0ce4-4b6d-a66f-59ceb16a7ea1\" href=\"https:\/\/www.ccj.ufpb.br\/pos\/wp-content\/uploads\/sites\/106\/sites\/268\/2026\/03\/TABELA_INSCRICOES_MDH01-2.pdf\">TABELA_INSCRIC\u0327O\u0303ES_MDH01<\/a><a href=\"https:\/\/www.ccj.ufpb.br\/pos\/wp-content\/uploads\/sites\/106\/sites\/268\/2026\/03\/TABELA_INSCRICOES_MDH01-2.pdf\" class=\"wp-block-file__button wp-element-button\" download aria-describedby=\"wp-block-file--media-294b3794-0ce4-4b6d-a66f-59ceb16a7ea1\">Baixar<\/a><\/div>\n\n\n\n<p><\/p>\n\n\n\n<p><strong>Tabela de Inscri\u00e7\u00f5es &#8211; Mestrado em Direitos Humanos &#8211; Linha 02<\/strong><\/p>\n\n\n\n<div class=\"wp-block-file\"><a id=\"wp-block-file--media-57abf34a-f82b-48f6-8dc3-d581650b6ee6\" href=\"https:\/\/www.ccj.ufpb.br\/pos\/wp-content\/uploads\/sites\/106\/sites\/268\/2026\/03\/TABELA_INSCRICOES_MDH02-2.pdf\">TABELA_INSCRIC\u0327O\u0303ES_MDH02<\/a><a href=\"https:\/\/www.ccj.ufpb.br\/pos\/wp-content\/uploads\/sites\/106\/sites\/268\/2026\/03\/TABELA_INSCRICOES_MDH02-2.pdf\" class=\"wp-block-file__button wp-element-button\" download aria-describedby=\"wp-block-file--media-57abf34a-f82b-48f6-8dc3-d581650b6ee6\">Baixar<\/a><\/div>\n\n\n\n<p><\/p>\n\n\n\n<p><strong>Resultado dos Pedidos de Reconsidera\u00e7\u00e3o das Inscri\u00e7\u00f5es<\/strong><\/p>\n\n\n\n<div class=\"wp-block-file\"><a id=\"wp-block-file--media-272d7670-2cbd-47c7-8429-65e426698403\" href=\"https:\/\/www.ccj.ufpb.br\/pos\/wp-content\/uploads\/sites\/106\/sites\/268\/2026\/03\/RECONSIDERACOES_DAS_INSCRICOES.pdf\">RECONSIDERACOES_DAS_INSCRICOES<\/a><a href=\"https:\/\/www.ccj.ufpb.br\/pos\/wp-content\/uploads\/sites\/106\/sites\/268\/2026\/03\/RECONSIDERACOES_DAS_INSCRICOES.pdf\" class=\"wp-block-file__button wp-element-button\" download aria-describedby=\"wp-block-file--media-272d7670-2cbd-47c7-8429-65e426698403\">Baixar<\/a><\/div>\n\n\n\n<p><\/p>\n\n\n\n<p><strong>Hor\u00e1rio e Local das Provas<\/strong><\/p>\n\n\n\n<div class=\"wp-block-file\"><a id=\"wp-block-file--media-1549e109-2573-47c0-bc8a-6d7ce76fc7c8\" href=\"https:\/\/www.ccj.ufpb.br\/pos\/wp-content\/uploads\/sites\/106\/sites\/268\/2026\/03\/Informe_sobre_prova_escrita.pdf\">Informe_sobre_prova_escrita<\/a><a href=\"https:\/\/www.ccj.ufpb.br\/pos\/wp-content\/uploads\/sites\/106\/sites\/268\/2026\/03\/Informe_sobre_prova_escrita.pdf\" class=\"wp-block-file__button wp-element-button\" download aria-describedby=\"wp-block-file--media-1549e109-2573-47c0-bc8a-6d7ce76fc7c8\">Baixar<\/a><\/div>\n\n\n\n<p><\/p>\n\n\n\n<p><strong>Portaria de Nomea\u00e7\u00e3o da Comiss\u00e3o de Sele\u00e7\u00e3o do Processo Seletivo 2026<\/strong><\/p>\n\n\n\n<div class=\"wp-block-file\"><a id=\"wp-block-file--media-d77b6871-d2a8-4d8e-af56-1328035a9155\" href=\"https:\/\/www.ccj.ufpb.br\/pos\/wp-content\/uploads\/sites\/106\/sites\/268\/2026\/03\/Portaria_Comissao-de-Selecao-PS-2026.pdf\">Portaria_Comiss\u00e3o de Sele\u00e7\u00e3o PS 2026<\/a><a href=\"https:\/\/www.ccj.ufpb.br\/pos\/wp-content\/uploads\/sites\/106\/sites\/268\/2026\/03\/Portaria_Comissao-de-Selecao-PS-2026.pdf\" class=\"wp-block-file__button wp-element-button\" download aria-describedby=\"wp-block-file--media-d77b6871-d2a8-4d8e-af56-1328035a9155\">Baixar<\/a><\/div>\n","protected":false},"excerpt":{"rendered":"<p>O Programa de P\u00f3s-Gradua\u00e7\u00e3o em Ci\u00eancias Jur\u00eddicas, no uso de suas atribui\u00e7\u00f5es, publica o Edital [&hellip;]<\/p>\n","protected":false},"author":54,"featured_media":913,"comment_status":"closed","ping_status":"open","sticky":true,"template":"","format":"standard","meta":{"footnotes":""},"categories":[3],"tags":[],"class_list":["post-902","post","type-post","status-publish","format-standard","has-post-thumbnail","hentry","category-noticias"],"_links":{"self":[{"href":"https:\/\/www.ccj.ufpb.br\/pos\/wp-json\/wp\/v2\/posts\/902","targetHints":{"allow":["GET"]}}],"collection":[{"href":"https:\/\/www.ccj.ufpb.br\/pos\/wp-json\/wp\/v2\/posts"}],"about":[{"href":"https:\/\/www.ccj.ufpb.br\/pos\/wp-json\/wp\/v2\/types\/post"}],"author":[{"embeddable":true,"href":"https:\/\/www.ccj.ufpb.br\/pos\/wp-json\/wp\/v2\/users\/54"}],"replies":[{"embeddable":true,"href":"https:\/\/www.ccj.ufpb.br\/pos\/wp-json\/wp\/v2\/comments?post=902"}],"version-history":[{"count":21,"href":"https:\/\/www.ccj.ufpb.br\/pos\/wp-json\/wp\/v2\/posts\/902\/revisions"}],"predecessor-version":[{"id":1003,"href":"https:\/\/www.ccj.ufpb.br\/pos\/wp-json\/wp\/v2\/posts\/902\/revisions\/1003"}],"wp:featuredmedia":[{"embeddable":true,"href":"https:\/\/www.ccj.ufpb.br\/pos\/wp-json\/wp\/v2\/media\/913"}],"wp:attachment":[{"href":"https:\/\/www.ccj.ufpb.br\/pos\/wp-json\/wp\/v2\/media?parent=902"}],"wp:term":[{"taxonomy":"category","embeddable":true,"href":"https:\/\/www.ccj.ufpb.br\/pos\/wp-json\/wp\/v2\/categories?post=902"},{"taxonomy":"post_tag","embeddable":true,"href":"https:\/\/www.ccj.ufpb.br\/pos\/wp-json\/wp\/v2\/tags?post=902"}],"curies":[{"name":"wp","href":"https:\/\/api.w.org\/{rel}","templated":true}]}}