{"id":850,"date":"2025-11-11T10:50:30","date_gmt":"2025-11-11T13:50:30","guid":{"rendered":"https:\/\/www.ccj.ufpb.br\/pos\/?p=850"},"modified":"2025-11-11T11:49:04","modified_gmt":"2025-11-11T14:49:04","slug":"seminario-internacional-direito-e-resolucao-de-conflitos-no-dia-08-de-novembro-de-2025","status":"publish","type":"post","link":"https:\/\/www.ccj.ufpb.br\/pos\/uncategorized\/seminario-internacional-direito-e-resolucao-de-conflitos-no-dia-08-de-novembro-de-2025\/","title":{"rendered":"Semin\u00e1rio Internacional &#8220;Direito e Resolu\u00e7\u00e3o de Conflitos&#8221; no dia 08 de novembro de 2025.\u00a0"},"content":{"rendered":"\n<p><\/p>\n\n\n\n<p>O Programa de P\u00f3s-Gradua\u00e7\u00e3o em Ci\u00eancias Jur\u00eddicas, o Centro de Ci\u00eancias Jur\u00eddicas, ambos da UFPB, e a Faculdade de Direito da Universidade de Liaoning, China&nbsp;realizaram com sucesso o Semin\u00e1rio Internacional &#8220;Direito e Resolu\u00e7\u00e3o de Conflitos&#8221; no dia 08 de novembro de 2025.&nbsp;<\/p>\n\n\n\n<p>O Semin\u00e1rio faz parte das atividades de pesquisa do CCJ\/UFPB e PPGCJ\/UFPB aprovadas por ocasi\u00e3o do Acordo de Coopera\u00e7\u00e3o Internacional firmado entre a Universidade Federal da Para\u00edba e a Universidade de Liaoning\/China, com apoio da Ag\u00eancia de Coopera\u00e7\u00e3o Internacional da UFPB (ACI\/UFPB), lideradas pelos&nbsp;grupos de pesquisa dos professores Fernando Joaquim Ferreira Maia (Grupo de Pesquisa Dom Quixote), Ana Paula Basso (Grupo de Pesquisa em Direito Tribut\u00e1rio e suas Repercuss\u00f5es Socioecon\u00f4micas-GPEDTRS)&nbsp;e Talden Farias (Cidades e meio ambiente).<\/p>\n\n\n\n<p>A abertura foi realizada pela profa. Du\u00edna Porto, Vice-Diretora do Centro de Ci\u00eancias Jur\u00eddicas (CCJ\/UFPB), representando a Diretora Anne Augusta Leite do mesmo Centro,&nbsp;pelo&nbsp;Prof. Pablo Leurquin (Coordenador do PPGCJ\/UFPB)&nbsp;e pelo prof. Hai Yan, prof. Diretor da Faculdade de Direito da Universidade de Liaoning, China e professor visitante no PPGCJ\/UFPB. O encerramento do evento foi realizado pelo prof. Fernando Joaquim Ferreira Maia (PPGCJ\/CCJ\/UFPB) e pela profa Ana Paula Basso (PPGCJ\/UFPB), representando a Ag\u00eancia de Coopera\u00e7\u00e3o Internacional da UFPB.<\/p>\n\n\n\n<p>Al\u00e9m disso, estudantes de ambas as universidades puderam assistir \u00e0 transmiss\u00e3o online do evento.<\/p>\n\n\n\n<p>Este j\u00e1 \u00e9 o 4o Semin\u00e1rio Internacional,&nbsp;evento que se consolidou como espa\u00e7o de di\u00e1logo internacional e de aprofundamento cient\u00edfico em torno de temas que articulam o Direito econ\u00f4mico&nbsp; com&nbsp;\u00e1reas de interesse comum entre o Brasil e a China,&nbsp;tais como: a) tributos, b) regime jur\u00eddico da energia, c) regulariza\u00e7\u00e3o fundi\u00e1ria urbana, d) licita\u00e7\u00f5es, e) transi\u00e7\u00e3o energ\u00e9tica, f) direito ambiental econ\u00f4mico e mudan\u00e7as clim\u00e1ticas e g) regula\u00e7\u00e3o econ\u00f4mica empresarial. Tamb\u00e9m contou com a presen\u00e7a&nbsp;de pesquisadores da R\u00fassia (Universidade de Gest\u00e3o de Terras de Moscou) e da&nbsp;Col\u00f4mbia (Universidad&nbsp;de Antioquia),&nbsp;pa\u00edses tamb\u00e9m participantes do semin\u00e1rio,<\/p>\n\n\n\n<p>O semin\u00e1rio deste ano foi bem diferenciado,&nbsp;pois teve&nbsp;a participa\u00e7\u00e3o e o in\u00edcio dos trabalhos com a R\u00fassia, fruto da recente coopera\u00e7\u00e3o acad\u00eamica firmada entre a UFPB com a Universidade de Gest\u00e3o de Terras de Moscou (State University of Land Management at Moscow, R\u00fassia).<\/p>\n\n\n\n<p><br>Aos poucos, com muita paci\u00eancia e esfor\u00e7o, o Programa de P\u00f3s-Gradua\u00e7\u00e3o em Ci\u00eancias Jur\u00eddicas est\u00e1&nbsp;constituindo um eixo de discuss\u00e3o juridica e regulatoria no campo do direito econ\u00f4mico com China\/R\u00fassia\/Brasil (e Am\u00e9rica Latina).<\/p>\n\n\n\n<p>As discuss\u00f5es revelaram a riqueza e a pluralidade do semin\u00e1rio, que contou com a participa\u00e7\u00e3o ativa de pesquisadores e institui\u00e7\u00f5es da China, da R\u00fassia e da Col\u00f4mbia, fortalecendo os la\u00e7os acad\u00eamicos internacionais e ampliando o alcance das pesquisas desenvolvidas na Universidade Federal da Para\u00edba (UFPB).<\/p>\n\n\n\n<p>Foi nesse esp\u00edrito de coopera\u00e7\u00e3o e integra\u00e7\u00e3o global que o semin\u00e1rio&nbsp;anunciou&nbsp;o lan\u00e7amento do livro&nbsp;<em>Law and Economic Development&nbsp;<\/em>(<a href=\"https:\/\/zenodo.org\/records\/15615951\" rel=\"noreferrer noopener\" target=\"_blank\">https:\/\/zenodo.org\/records\/15615951<\/a>), fruto do 3o Semin\u00e1rio Internacional, realizado, em setembro de 2024, na China. Esta obra simboliza a converg\u00eancia de esfor\u00e7os e saberes entre diferentes universidades e pesquisadores comprometidos com a compreens\u00e3o do papel do Direito na promo\u00e7\u00e3o do desenvolvimento econ\u00f4mico sustent\u00e1vel e socialmente justo.<\/p>\n\n\n\n<p>Para a UFPB e, em especial, para o Programa de P\u00f3s-Gradua\u00e7\u00e3o em Ci\u00eancias Jur\u00eddicas (PPGCJ), esse lan\u00e7amento representa mais do que um resultado acad\u00eamico: \u00e9 a consolida\u00e7\u00e3o de uma rede internacional de conhecimento que enriquece nossas pesquisas, diversifica nossos referenciais te\u00f3ricos e fortalece a forma\u00e7\u00e3o de nossos p\u00f3s-graduandos. A presen\u00e7a de parceiros da China, R\u00fassia e Col\u00f4mbia amplia nossos horizontes e reafirma a voca\u00e7\u00e3o do PPGCJ como um espa\u00e7o de reflex\u00e3o cr\u00edtica, coopera\u00e7\u00e3o cient\u00edfica e di\u00e1logo intercultural.<\/p>\n\n\n\n<p>Esses la\u00e7os acad\u00eamicos, que se consolidam a cada nova parceria, t\u00eam sido fundamentais para enriquecer o conte\u00fado das pesquisas, ampliar horizontes te\u00f3ricos e fortalecer o di\u00e1logo intercultural. Para o Programa de P\u00f3s-Gradua\u00e7\u00e3o em Ci\u00eancias Jur\u00eddicas da UFPB, essas coopera\u00e7\u00f5es significam a possibilidade concreta de uma forma\u00e7\u00e3o mais cr\u00edtica, comparada e globalizada, capaz de conectar nossos pesquisadores e estudantes aos grandes debates internacionais sobre o papel do Direito no desenvolvimento econ\u00f4mico e social.<\/p>\n","protected":false},"excerpt":{"rendered":"<p>O Programa de P\u00f3s-Gradua\u00e7\u00e3o em Ci\u00eancias Jur\u00eddicas, o Centro de Ci\u00eancias Jur\u00eddicas, ambos da UFPB, [&hellip;]<\/p>\n","protected":false},"author":54,"featured_media":855,"comment_status":"closed","ping_status":"open","sticky":true,"template":"","format":"standard","meta":{"footnotes":""},"categories":[1],"tags":[],"class_list":["post-850","post","type-post","status-publish","format-standard","has-post-thumbnail","hentry","category-uncategorized"],"_links":{"self":[{"href":"https:\/\/www.ccj.ufpb.br\/pos\/wp-json\/wp\/v2\/posts\/850","targetHints":{"allow":["GET"]}}],"collection":[{"href":"https:\/\/www.ccj.ufpb.br\/pos\/wp-json\/wp\/v2\/posts"}],"about":[{"href":"https:\/\/www.ccj.ufpb.br\/pos\/wp-json\/wp\/v2\/types\/post"}],"author":[{"embeddable":true,"href":"https:\/\/www.ccj.ufpb.br\/pos\/wp-json\/wp\/v2\/users\/54"}],"replies":[{"embeddable":true,"href":"https:\/\/www.ccj.ufpb.br\/pos\/wp-json\/wp\/v2\/comments?post=850"}],"version-history":[{"count":4,"href":"https:\/\/www.ccj.ufpb.br\/pos\/wp-json\/wp\/v2\/posts\/850\/revisions"}],"predecessor-version":[{"id":857,"href":"https:\/\/www.ccj.ufpb.br\/pos\/wp-json\/wp\/v2\/posts\/850\/revisions\/857"}],"wp:featuredmedia":[{"embeddable":true,"href":"https:\/\/www.ccj.ufpb.br\/pos\/wp-json\/wp\/v2\/media\/855"}],"wp:attachment":[{"href":"https:\/\/www.ccj.ufpb.br\/pos\/wp-json\/wp\/v2\/media?parent=850"}],"wp:term":[{"taxonomy":"category","embeddable":true,"href":"https:\/\/www.ccj.ufpb.br\/pos\/wp-json\/wp\/v2\/categories?post=850"},{"taxonomy":"post_tag","embeddable":true,"href":"https:\/\/www.ccj.ufpb.br\/pos\/wp-json\/wp\/v2\/tags?post=850"}],"curies":[{"name":"wp","href":"https:\/\/api.w.org\/{rel}","templated":true}]}}