{"id":780,"date":"2025-10-20T13:27:19","date_gmt":"2025-10-20T16:27:19","guid":{"rendered":"https:\/\/www.ccj.ufpb.br\/pos\/?p=780"},"modified":"2025-10-20T13:58:24","modified_gmt":"2025-10-20T16:58:24","slug":"seminario-internacional-direito-e-resolucao-de-conflitos","status":"publish","type":"post","link":"https:\/\/www.ccj.ufpb.br\/pos\/uncategorized\/seminario-internacional-direito-e-resolucao-de-conflitos\/","title":{"rendered":"Semin\u00e1rio Internacional Direito e Resolu\u00e7\u00e3o de Conflitos"},"content":{"rendered":"\n<p>O Programa de P\u00f3s-Gradua\u00e7\u00e3o em Ci\u00eancias Jur\u00eddicas, o Centro de Ci\u00eancias Jur\u00eddicas, ambos da UFPB, e a Faculdade de Direito da Universidade de Liaoning, China, promovem, no dia 08\/11 | Hor\u00e1rio de Bras\u00edlia: 08h, o Semin\u00e1rio Internacional &#8220;Direito e Resolu\u00e7\u00e3o de Conflitos\u201d.<\/p>\n\n\n\n<p>O Semin\u00e1rio faz parte das atividades de pesquisa do CCJ\/UFPB e PPGCJ\/UFPB aprovadas por ocasi\u00e3o do Acordo de Coopera\u00e7\u00e3o Internacional firmado entre a Universidade Federal da Para\u00edba e a Universidade de Liaoning\/China, com apoio da Ag\u00eancia de Coopera\u00e7\u00e3o Internacional da UFPB (ACI\/UFPB), inicialmente entre os cursos de direito das duas universidades.<\/p>\n\n\n\n<p>A partir dos conflitos no campo do direito econ\u00f4mico sobre terra, tributa\u00e7\u00e3o e energia, ser\u00e3o discutidos temas de interesse comum entre o Brasil e a China, tais como: a) tributos, b) regime jur\u00eddico da energia, c) direito ambiental econ\u00f4mico e mudan\u00e7as clim\u00e1ticas e d) regula\u00e7\u00e3o econ\u00f4mica empresarial<\/p>\n\n\n\n<p>O Semin\u00e1rio reunir\u00e1 pesquisadores e pesquisadoras do PPGCJ\/UFPB (dos grupos de pesquisa Dom Quixote\/Cnpq GPEDTRS\/Cnpq) e da Law School of Liaoning University, China.&nbsp;Contar\u00e1 ainda com a participa\u00e7\u00e3o de representantes da Universidad de Antioquia, Col\u00f4mbia, da&nbsp;State University of Land Management at Moscow, R\u00fassia,&nbsp;e do Instituto Federal de S\u00e3o Paulo.<br>Por ocasi\u00e3o do semin\u00e1rio ser\u00e1 lan\u00e7ado o livro &#8220;Law and Economic Development&#8221;,&nbsp;Dispon\u00edvel em:&nbsp;<a href=\"https:\/\/zenodo.org\/records\/15615951\" target=\"_blank\" rel=\"noreferrer noopener\">https:\/\/zenodo.org\/records\/15615951<\/a>,&nbsp;fruto do&nbsp; Semin\u00e1rio Internacional &#8220;Direito e desenvolvimento econ\u00f4mico&#8221; realizado na cidade de Shenyang\/China.<\/p>\n\n\n\n<p>Este j\u00e1 \u00e9 o 4o Semin\u00e1rio Internacional realizado entre as institui\u00e7\u00f5es. A parceria entre a UFPB e a Universidade de Liaoning promove um interc\u00e2mbio de experi\u00eancias e conhecimentos que impulsiona<\/p>\n\n\n\n<p> a pesquisa cient\u00edfica e a internacionaliza\u00e7\u00e3o. A colabora\u00e7\u00e3o beneficia estudantes, professores e pesquisadores, contribuindo para o desenvolvimento acad\u00eamico e a compreens\u00e3o cultural entre as na\u00e7\u00f5es, com destaque para a \u00e1rea de direito econ\u00f4mico do Programa de P\u00f3s-Gradua\u00e7\u00e3o em Ci\u00eancias Jur\u00eddicas da UFPB.\u00a0\u00a0<\/p>\n\n\n\n<p>A abertura ser\u00e1 realizada pelo&nbsp;Prof. Pablo Leurquin (Coord. do PPGCJ\/UFPB), pela profa Anne Augusta Leite (Diretora do CCJ\/UFPB) e pelo prof. Hai Yan (Reitor da Universidade de Liaoning). Os professores Fernando Joaquim, Ana Paula Basso e Haitian Ma far\u00e3o o encerramento.&nbsp;<\/p>\n\n\n\n<p>A programa\u00e7\u00e3o completa est\u00e1 dispon\u00edvel nesta p\u00e1gina (<a href=\"https:\/\/sigeventos.ufpb.br\/eventos\/public\/evento\/chinabrasil\" target=\"_blank\" rel=\"noreferrer noopener\">https:\/\/sigeventos.ufpb.br\/eventos\/public\/evento\/chinabrasil\u00a0<\/a>) e no arquivo anexado, com o calend\u00e1rio do evento e temas das apresenta\u00e7\u00f5es. As inscri\u00e7\u00f5es s\u00e3o gratuitas, com 50 vagas limitadas aos alunos e \u00e0s alunas do PPGCJ\/UFPB) e da inicia\u00e7\u00e3o cient\u00edfica do CCJ\/UFPB. Os alunos e as alunas do PPGCJ\/UFPB ter\u00e3o prioridade. As inscri\u00e7\u00f5es devem ser realizadas pelo SIGEVENTOS DA UFPB.\u00a0<br>Link das inscri\u00e7\u00f5es:\u00a0\u00a0<a href=\"https:\/\/sigeventos.ufpb.br\/eventos\/public\/evento\/chinabrasil\" target=\"_blank\" rel=\"noreferrer noopener\">https:\/\/sigeventos.ufpb.br\/eventos\/public\/evento\/chinabrasil<\/a><\/p>\n\n\n\n<p>Informa\u00e7\u00f5es:&nbsp;<a href=\"mailto:projetodomquixote.eolica@gmail.com\" target=\"_blank\" rel=\"noreferrer noopener\">projetodomquixote.eolica@gmail.com<\/a><\/p>\n\n\n\n<div class=\"wp-block-file\"><a id=\"wp-block-file--media-5c38b7cb-bd7e-4d8e-982f-6f27ebe225e5\" href=\"https:\/\/www.ccj.ufpb.br\/pos\/wp-content\/uploads\/sites\/106\/sites\/268\/2025\/10\/PROGRAMACAO-International-Seminar-International-Law-and-conflict-resolution\uff082025.10.20\uff09S.pdf\">PROGRAMA\u00c7\u00c3O-International Seminar International Law and conflict resolution<\/a><a href=\"https:\/\/www.ccj.ufpb.br\/pos\/wp-content\/uploads\/sites\/106\/sites\/268\/2025\/10\/PROGRAMACAO-International-Seminar-International-Law-and-conflict-resolution\uff082025.10.20\uff09S.pdf\" class=\"wp-block-file__button wp-element-button\" download aria-describedby=\"wp-block-file--media-5c38b7cb-bd7e-4d8e-982f-6f27ebe225e5\">Baixar<\/a><\/div>\n","protected":false},"excerpt":{"rendered":"<p>O Programa de P\u00f3s-Gradua\u00e7\u00e3o em Ci\u00eancias Jur\u00eddicas, o Centro de Ci\u00eancias Jur\u00eddicas, ambos da UFPB, [&hellip;]<\/p>\n","protected":false},"author":54,"featured_media":787,"comment_status":"closed","ping_status":"open","sticky":true,"template":"","format":"standard","meta":{"footnotes":""},"categories":[1],"tags":[],"class_list":["post-780","post","type-post","status-publish","format-standard","has-post-thumbnail","hentry","category-uncategorized"],"_links":{"self":[{"href":"https:\/\/www.ccj.ufpb.br\/pos\/wp-json\/wp\/v2\/posts\/780","targetHints":{"allow":["GET"]}}],"collection":[{"href":"https:\/\/www.ccj.ufpb.br\/pos\/wp-json\/wp\/v2\/posts"}],"about":[{"href":"https:\/\/www.ccj.ufpb.br\/pos\/wp-json\/wp\/v2\/types\/post"}],"author":[{"embeddable":true,"href":"https:\/\/www.ccj.ufpb.br\/pos\/wp-json\/wp\/v2\/users\/54"}],"replies":[{"embeddable":true,"href":"https:\/\/www.ccj.ufpb.br\/pos\/wp-json\/wp\/v2\/comments?post=780"}],"version-history":[{"count":6,"href":"https:\/\/www.ccj.ufpb.br\/pos\/wp-json\/wp\/v2\/posts\/780\/revisions"}],"predecessor-version":[{"id":792,"href":"https:\/\/www.ccj.ufpb.br\/pos\/wp-json\/wp\/v2\/posts\/780\/revisions\/792"}],"wp:featuredmedia":[{"embeddable":true,"href":"https:\/\/www.ccj.ufpb.br\/pos\/wp-json\/wp\/v2\/media\/787"}],"wp:attachment":[{"href":"https:\/\/www.ccj.ufpb.br\/pos\/wp-json\/wp\/v2\/media?parent=780"}],"wp:term":[{"taxonomy":"category","embeddable":true,"href":"https:\/\/www.ccj.ufpb.br\/pos\/wp-json\/wp\/v2\/categories?post=780"},{"taxonomy":"post_tag","embeddable":true,"href":"https:\/\/www.ccj.ufpb.br\/pos\/wp-json\/wp\/v2\/tags?post=780"}],"curies":[{"name":"wp","href":"https:\/\/api.w.org\/{rel}","templated":true}]}}