{"id":151,"date":"2025-06-17T10:26:43","date_gmt":"2025-06-17T13:26:43","guid":{"rendered":"https:\/\/www.ccj.ufpb.br\/pos\/?p=151"},"modified":"2025-06-27T21:25:21","modified_gmt":"2025-06-28T00:25:21","slug":"matriculas-e-oferta-de-disciplinas-2025-1","status":"publish","type":"post","link":"https:\/\/www.ccj.ufpb.br\/pos\/noticias\/matriculas-e-oferta-de-disciplinas-2025-1\/","title":{"rendered":"Matr\u00edculas e Oferta de Disciplinas 2025.1"},"content":{"rendered":"\n<p class=\"wp-block-paragraph\">A Coordena\u00e7\u00e3o de P\u00f3s Gradua\u00e7\u00e3o do Curso de Direito informa \u00e0 comunidade acad\u00eamica a publica\u00e7\u00e3o de Matr\u00edculas e Oferta de Disciplinas para o semestre 2025.<\/p>\n\n\n\n<p class=\"wp-block-paragraph\"><a href=\"http:\/\/plone.ufpb.br\/pos\/contents-2\/pdf\/convocao_para_matrcula_institucional2025.pdf\">Matr\u00edculas<\/a>&nbsp;<\/p>\n\n\n\n<div class=\"wp-block-file\"><a id=\"wp-block-file--media-7d107714-1114-42b5-a7d3-7dd4b84b1a34\" href=\"https:\/\/www.ccj.ufpb.br\/pos\/wp-content\/uploads\/sites\/106\/sites\/268\/2025\/06\/convocao_para_matrcula_institucional2025.pdf\">Matr\u00edculas<\/a><a href=\"https:\/\/www.ccj.ufpb.br\/pos\/wp-content\/uploads\/sites\/106\/sites\/268\/2025\/06\/convocao_para_matrcula_institucional2025.pdf\" class=\"wp-block-file__button wp-element-button\" download aria-describedby=\"wp-block-file--media-7d107714-1114-42b5-a7d3-7dd4b84b1a34\">Baixar<\/a><\/div>\n\n\n\n<div class=\"wp-block-file\"><a id=\"wp-block-file--media-de962dc0-66db-4588-96bf-8e1c5d83e362\" href=\"https:\/\/www.ccj.ufpb.br\/pos\/wp-content\/uploads\/sites\/106\/sites\/268\/2025\/06\/oferta-de-disciplinas-2025-1_ppgcj.pdf\">Oferta de Disciplinas<\/a><a href=\"https:\/\/www.ccj.ufpb.br\/pos\/wp-content\/uploads\/sites\/106\/sites\/268\/2025\/06\/oferta-de-disciplinas-2025-1_ppgcj.pdf\" class=\"wp-block-file__button wp-element-button\" download aria-describedby=\"wp-block-file--media-de962dc0-66db-4588-96bf-8e1c5d83e362\">Baixar<\/a><\/div>\n","protected":false},"excerpt":{"rendered":"<p>A Coordena\u00e7\u00e3o de P\u00f3s Gradua\u00e7\u00e3o do Curso de Direito informa \u00e0 comunidade acad\u00eamica a publica\u00e7\u00e3o [&hellip;]<\/p>\n","protected":false},"author":54,"featured_media":158,"comment_status":"closed","ping_status":"open","sticky":false,"template":"","format":"standard","meta":{"footnotes":""},"categories":[3],"tags":[],"class_list":["post-151","post","type-post","status-publish","format-standard","has-post-thumbnail","hentry","category-noticias"],"_links":{"self":[{"href":"https:\/\/www.ccj.ufpb.br\/pos\/wp-json\/wp\/v2\/posts\/151","targetHints":{"allow":["GET"]}}],"collection":[{"href":"https:\/\/www.ccj.ufpb.br\/pos\/wp-json\/wp\/v2\/posts"}],"about":[{"href":"https:\/\/www.ccj.ufpb.br\/pos\/wp-json\/wp\/v2\/types\/post"}],"author":[{"embeddable":true,"href":"https:\/\/www.ccj.ufpb.br\/pos\/wp-json\/wp\/v2\/users\/54"}],"replies":[{"embeddable":true,"href":"https:\/\/www.ccj.ufpb.br\/pos\/wp-json\/wp\/v2\/comments?post=151"}],"version-history":[{"count":2,"href":"https:\/\/www.ccj.ufpb.br\/pos\/wp-json\/wp\/v2\/posts\/151\/revisions"}],"predecessor-version":[{"id":157,"href":"https:\/\/www.ccj.ufpb.br\/pos\/wp-json\/wp\/v2\/posts\/151\/revisions\/157"}],"wp:featuredmedia":[{"embeddable":true,"href":"https:\/\/www.ccj.ufpb.br\/pos\/wp-json\/wp\/v2\/media\/158"}],"wp:attachment":[{"href":"https:\/\/www.ccj.ufpb.br\/pos\/wp-json\/wp\/v2\/media?parent=151"}],"wp:term":[{"taxonomy":"category","embeddable":true,"href":"https:\/\/www.ccj.ufpb.br\/pos\/wp-json\/wp\/v2\/categories?post=151"},{"taxonomy":"post_tag","embeddable":true,"href":"https:\/\/www.ccj.ufpb.br\/pos\/wp-json\/wp\/v2\/tags?post=151"}],"curies":[{"name":"wp","href":"https:\/\/api.w.org\/{rel}","templated":true}]}}