{"id":1717,"date":"2026-01-29T22:48:32","date_gmt":"2026-01-29T22:48:32","guid":{"rendered":"https:\/\/www.ccj.ufpb.br\/joaopessoa\/?p=1717"},"modified":"2026-01-29T23:50:28","modified_gmt":"2026-01-29T23:50:28","slug":"comemoracao-em-dose-dupla-egressos-do-curso-de-direito-da-ufpb-em-joao-pessoa-sao-aprovados-em-concurso-publico-para-juiz-federal-do-trf5","status":"publish","type":"post","link":"https:\/\/www.ccj.ufpb.br\/joaopessoa\/noticia\/comemoracao-em-dose-dupla-egressos-do-curso-de-direito-da-ufpb-em-joao-pessoa-sao-aprovados-em-concurso-publico-para-juiz-federal-do-trf5\/","title":{"rendered":"COMEMORA\u00c7\u00c3O EM DOSE DUPLA: Egressos do curso de Direito da UFPB, em Jo\u00e3o Pessoa, s\u00e3o aprovados em concurso p\u00fablico para Juiz Federal do TRF5"},"content":{"rendered":"\n<div class=\"wp-block-columns is-layout-flex wp-container-core-columns-is-layout-9d6595d7 wp-block-columns-is-layout-flex\">\n<div class=\"wp-block-column is-layout-flow wp-block-column-is-layout-flow\" style=\"flex-basis:36%\">\n<figure class=\"wp-block-image\"><img loading=\"lazy\" decoding=\"async\" width=\"879\" height=\"1024\" src=\"http:\/\/www.ccj.ufpb.br\/joaopessoa\/wp-content\/uploads\/sites\/106\/sites\/108\/2026\/01\/WhatsApp-Image-2026-01-29-at-19.27.42-1-879x1024.jpeg\" alt=\"\" class=\"wp-image-1722\" srcset=\"https:\/\/www.ccj.ufpb.br\/joaopessoa\/wp-content\/uploads\/sites\/106\/sites\/108\/2026\/01\/WhatsApp-Image-2026-01-29-at-19.27.42-1-879x1024.jpeg 879w, https:\/\/www.ccj.ufpb.br\/joaopessoa\/wp-content\/uploads\/sites\/106\/sites\/108\/2026\/01\/WhatsApp-Image-2026-01-29-at-19.27.42-1-258x300.jpeg 258w, https:\/\/www.ccj.ufpb.br\/joaopessoa\/wp-content\/uploads\/sites\/106\/sites\/108\/2026\/01\/WhatsApp-Image-2026-01-29-at-19.27.42-1-768x894.jpeg 768w, https:\/\/www.ccj.ufpb.br\/joaopessoa\/wp-content\/uploads\/sites\/106\/sites\/108\/2026\/01\/WhatsApp-Image-2026-01-29-at-19.27.42-1.jpeg 1099w\" sizes=\"auto, (max-width: 879px) 100vw, 879px\" \/><\/figure>\n<\/div>\n\n\n\n<div class=\"wp-block-column is-layout-flow wp-block-column-is-layout-flow\" style=\"flex-basis:64%\">\n<p>Formados em Direito pela Universidade Federal da Para\u00edba (UFPB), em Jo\u00e3o Pessoa, os egressos Leonardo Henrique de Figueiredo Tavares e Daniel Cabral Domingues tomaram posse, nesta quarta-feira (28), no cargo de Juiz Federal substituto do Tribunal Regional Federal da 5\u00aa Regi\u00e3o (TRF5). A cerim\u00f4nia de posse ocorreu no Tribunal Pleno do \u00f3rg\u00e3o judici\u00e1rio, em Recife.<\/p>\n\n\n\n<p>A comunidade acad\u00eamica, especialmente os professores, comemora com orgulho o resultado alcan\u00e7ado pelos dois ex-alunos.<\/p>\n\n\n\n<p><\/p>\n<\/div>\n<\/div>\n\n\n\n<p>&#8220;Como professor do curso de direito da UFPB fico muito envaidecido em receber dois ex-alunos como colegas na magistratura federal da 5\u00aa Regi\u00e3o. Leonardo Henrique foi, inclusive, o primeiro colocado no dific\u00edlimo certame no qual concorreram candidatos de todo o pa\u00eds. Tanto ele quanto Danilo Cabral foram meus alunos na disciplina Direito Civil 1. A aprova\u00e7\u00e3o demonstra mais uma vez o n\u00edvel dos nossos alunos e a qualidade do ensino prestado por nossa institui\u00e7\u00e3o&#8221;, destacou o docente e Desembargador Federal do TRF5, Rog\u00e9rio Fialho.<\/p>\n\n\n\n<p>A ocasi\u00e3o representa a conquista de um dos cargos mais cobi\u00e7ados, na \u00e1rea jur\u00eddica, e refor\u00e7a o ensino de excel\u00eancia ofertado pela UFPB, em Jo\u00e3o Pessoa, por meio de professores qualificados e renomados, o que engloba a prepara\u00e7\u00e3o dos alunos para carreiras de alto n\u00edvel no Judici\u00e1rio, por meio de aulas pr\u00e1ticas e te\u00f3ricas, al\u00e9m de projetos de pesquisa, extens\u00e3o e monitoria.<\/p>\n\n\n\n<p>De acordo com Leonardo Tavares, de 29 anos, aprovado em primeiro lugar no certame, formado em Direito pela UFPB, em 2019, o curso na institui\u00e7\u00e3o o fez se encantar pelo saber jur\u00eddico. \u201cPor meio das disciplinas proped\u00eauticas, pude formar uma boa base human\u00edstica, com professores que estimularam o pensamento cr\u00edtico\u201d, declarou.<\/p>\n\n\n\n<p>Leonardo ainda observou que a aprova\u00e7\u00e3o no concurso p\u00fablico ocorreu ap\u00f3s seis anos e meio de prepara\u00e7\u00e3o, fruto de ren\u00fancia e muito estudo, com constru\u00e7\u00e3o di\u00e1ria do dom\u00ednio da legisla\u00e7\u00e3o, doutrina e jurisprud\u00eancia.<\/p>\n\n\n\n<p>O novo Juiz Federal destacou que, em rela\u00e7\u00e3o \u00e0 carreira, \u201cas expectativas s\u00e3o as melhores, com a busca por aplicar o conhecimento jur\u00eddico e humano acumulado ao longo dos anos\u201d.<\/p>\n\n\n\n<p>Para os estudantes da \u00e1rea jur\u00eddica que sonham com o cargo, ele recomenda que \u201cn\u00e3o desistam dos seus sonhos. A busca pela magistratura \u00e9 um processo de constru\u00e7\u00e3o di\u00e1ria\u201d, defendeu Leonardo.<\/p>\n\n\n\n<p>J\u00e1 o ex-aluno Daniel Cabral, de 29 anos, que concluiu o curso de Direito, em 2019, na UFPB, destacou que o ensino na institui\u00e7\u00e3o foi fundamental, pois propiciou uma base s\u00f3lida de conhecimentos jur\u00eddicos que o acompanhou durante toda a trajet\u00f3ria de estudos para o concurso.<\/p>\n\n\n\n<p>Em rela\u00e7\u00e3o \u00e0 carreira da magistratura, o novo juiz destacou que as expectativas s\u00e3o altas, pois se trata de um cargo que exige muita responsabilidade e as decis\u00f5es influenciam diretamente na vida dos jurisdicionados.<\/p>\n\n\n\n<p>E para quem \u00e9 estudante de Direito e sonha com a magistratura, Daniel Cabral aconselha \u201cestudar bastante, desde a faculdade, \u00e9 algo que pode encurtar o caminho, mas \u00e9 recomend\u00e1vel manter a mente aberta e n\u00e3o se fechar \u00e0s outras experi\u00eancias que o ambiente universit\u00e1rio proporciona\u201d.<\/p>\n\n\n\n<p><strong>Informa\u00e7\u00f5es sobre o curso de Direito da UFPB<\/strong><\/p>\n\n\n\n<p>A faculdade de Direito de Jo\u00e3o Pessoa foi criada h\u00e1 70 anos, em 11 de agosto de 1949, uma hist\u00f3ria de lutas e conquistas que implantou o Curso de Bacharelado em Ci\u00eancias Jur\u00eddicas na Para\u00edba.<\/p>\n\n\n\n<p>O curso de Direito de Jo\u00e3o Pessoa est\u00e1 vinculado ao Centro de Ci\u00eancias Jur\u00eddicas (CCJ), o qual tamb\u00e9m conta com o curso de Direito em Santa Rita.<\/p>\n\n\n\n<p>A Coordena\u00e7\u00e3o da Gradua\u00e7\u00e3o em Direito de Jo\u00e3o Pessoa tem a colabora\u00e7\u00e3o do Departamento de Direito P\u00fablico (DDPU), Departamento de Direito Privado (DDPR) e Departamento de Direito Processual e Pr\u00e1tica Jur\u00eddica (DDPPJ), que ofertam disciplinas para o curso.<\/p>\n\n\n\n<p>O curso de Direito est\u00e1 dividido em 10 per\u00edodos letivos e engloba projetos de monitoria, pesquisa e extens\u00e3o, os quais complementam o trip\u00e9 universit\u00e1rio do Ensino-Pesquisa-Extens\u00e3o.<\/p>\n\n\n\n<p>O hor\u00e1rio das aulas \u00e9 matutino ou noturno, de acordo com a op\u00e7\u00e3o de ingresso, com a oferta de disciplinas de Pr\u00e1tica Jur\u00eddica no turno vespertino.<\/p>\n\n\n\n<p>Mais detalhes sobre o curso podem ser obtidos por meio do perfil no Instagram @ccjufpb<\/p>\n\n\n\n<p>Joelma Medeiros<\/p>\n\n\n\n<p>Jornalista 3208 DRT\/PB<\/p>\n\n\n\n<p><\/p>\n","protected":false},"excerpt":{"rendered":"<p>Formados em Direito pela Universidade Federal da Para\u00edba (UFPB), em Jo\u00e3o Pessoa, os egressos Leonardo [&hellip;]<\/p>\n","protected":false},"author":54,"featured_media":1699,"comment_status":"closed","ping_status":"closed","sticky":true,"template":"","format":"standard","meta":{"footnotes":""},"categories":[8],"tags":[],"class_list":["post-1717","post","type-post","status-publish","format-standard","has-post-thumbnail","hentry","category-noticia"],"_links":{"self":[{"href":"https:\/\/www.ccj.ufpb.br\/joaopessoa\/wp-json\/wp\/v2\/posts\/1717","targetHints":{"allow":["GET"]}}],"collection":[{"href":"https:\/\/www.ccj.ufpb.br\/joaopessoa\/wp-json\/wp\/v2\/posts"}],"about":[{"href":"https:\/\/www.ccj.ufpb.br\/joaopessoa\/wp-json\/wp\/v2\/types\/post"}],"author":[{"embeddable":true,"href":"https:\/\/www.ccj.ufpb.br\/joaopessoa\/wp-json\/wp\/v2\/users\/54"}],"replies":[{"embeddable":true,"href":"https:\/\/www.ccj.ufpb.br\/joaopessoa\/wp-json\/wp\/v2\/comments?post=1717"}],"version-history":[{"count":7,"href":"https:\/\/www.ccj.ufpb.br\/joaopessoa\/wp-json\/wp\/v2\/posts\/1717\/revisions"}],"predecessor-version":[{"id":1729,"href":"https:\/\/www.ccj.ufpb.br\/joaopessoa\/wp-json\/wp\/v2\/posts\/1717\/revisions\/1729"}],"wp:featuredmedia":[{"embeddable":true,"href":"https:\/\/www.ccj.ufpb.br\/joaopessoa\/wp-json\/wp\/v2\/media\/1699"}],"wp:attachment":[{"href":"https:\/\/www.ccj.ufpb.br\/joaopessoa\/wp-json\/wp\/v2\/media?parent=1717"}],"wp:term":[{"taxonomy":"category","embeddable":true,"href":"https:\/\/www.ccj.ufpb.br\/joaopessoa\/wp-json\/wp\/v2\/categories?post=1717"},{"taxonomy":"post_tag","embeddable":true,"href":"https:\/\/www.ccj.ufpb.br\/joaopessoa\/wp-json\/wp\/v2\/tags?post=1717"}],"curies":[{"name":"wp","href":"https:\/\/api.w.org\/{rel}","templated":true}]}}